{"id":1001,"date":"2025-09-29T16:11:29","date_gmt":"2025-09-29T13:11:29","guid":{"rendered":"http:\/\/covid19.tubitak.gov.tr\/?p=1001"},"modified":"2025-09-29T16:11:35","modified_gmt":"2025-09-29T13:11:35","slug":"ipa-scireact-projesi-kapsaminda-calistay-serisi-icin-hizmet-alimi-sozlesmesi-imzalandi","status":"publish","type":"post","link":"https:\/\/covid19.tubitak.gov.tr\/en\/ipa-scireact-projesi-kapsaminda-calistay-serisi-icin-hizmet-alimi-sozlesmesi-imzalandi\/","title":{"rendered":"IPA SciReACT Projesi Kapsam\u0131nda \u00c7al\u0131\u015ftay Serisi \u0130\u00e7in Hizmet Al\u0131m\u0131 S\u00f6zle\u015fmesi \u0130mzaland\u0131"},"content":{"rendered":"<p>IPA SciREACT&nbsp; Projesi kapsam\u0131nda d\u00fczenlenecek olan 3 oturumluk \u00e7al\u0131\u015ftay serisi i\u00e7in <em>Econix Ara\u015ft\u0131rma Analiz ve Dan\u0131\u015fmanl\u0131k A.\u015e.<\/em> ile hizmet al\u0131m\u0131 s\u00f6zle\u015fmesi imzaland\u0131.<\/p>\n\n\n\n<p>S\u00f6zle\u015fme, Econix Ara\u015ft\u0131rma Analiz ve Dan\u0131\u015fmanl\u0131k A.\u015e. Kurucu Orta\u011f\u0131 <strong>Dr. G\u00fcven\u00e7 Ko\u00e7kaya<\/strong> ile IPA SciReACT Proje Y\u00fcr\u00fct\u00fcc\u00fcs\u00fc <strong>Do\u00e7. Dr. Hilal Yaz\u0131c\u0131 Malko\u00e7o\u011flu<\/strong> taraf\u0131ndan imzaland\u0131.<\/p>\n\n\n\n<p>\u00c7al\u0131\u015ftay serisi; ara\u015ft\u0131rma y\u00f6netimi, a\u00e7\u0131k bilim uygulamalar\u0131 ve kapasite geli\u015ftirme alanlar\u0131nda fark\u0131ndal\u0131\u011f\u0131n art\u0131r\u0131lmas\u0131n\u0131 ve payda\u015flar aras\u0131nda etkile\u015fimin g\u00fc\u00e7lendirilmesini hedefliyor. Ayr\u0131ca, T\u00fcrkiye&#8217;deki ara\u015ft\u0131rma ekosistemine katk\u0131 sunacak bilgi ve deneyim payla\u015f\u0131m\u0131 ortamlar\u0131n\u0131n olu\u015fturulmas\u0131 ama\u00e7lan\u0131yor.<\/p>\n\n\n\n<p>IPA SciReACT Projesi kapsam\u0131nda y\u00fcr\u00fct\u00fclecek bu etkinliklerle, bilimsel ara\u015ft\u0131rmalar\u0131n desteklenmesi ve a\u00e7\u0131k bilimin yayg\u0131nla\u015ft\u0131r\u0131lmas\u0131 y\u00f6n\u00fcnde \u00e7al\u0131\u015fmalar s\u00fcrd\u00fcr\u00fclmektedir.<\/p>\n\n\n\n<figure class=\"wp-block-image size-large\"><img fetchpriority=\"high\" decoding=\"async\" width=\"1024\" height=\"710\" src=\"http:\/\/covid19.tubitak.gov.tr\/wp-content\/uploads\/2025\/09\/Workshop-Sozlesme-1024x710.jpeg\" alt=\"\" class=\"wp-image-1002\" srcset=\"https:\/\/covid19.tubitak.gov.tr\/wp-content\/uploads\/2025\/09\/Workshop-Sozlesme-1024x710.jpeg 1024w, https:\/\/covid19.tubitak.gov.tr\/wp-content\/uploads\/2025\/09\/Workshop-Sozlesme-300x208.jpeg 300w, https:\/\/covid19.tubitak.gov.tr\/wp-content\/uploads\/2025\/09\/Workshop-Sozlesme-768x532.jpeg 768w, https:\/\/covid19.tubitak.gov.tr\/wp-content\/uploads\/2025\/09\/Workshop-Sozlesme-18x12.jpeg 18w, https:\/\/covid19.tubitak.gov.tr\/wp-content\/uploads\/2025\/09\/Workshop-Sozlesme.jpeg 1062w\" sizes=\"(max-width: 1024px) 100vw, 1024px\" \/><\/figure>","protected":false},"excerpt":{"rendered":"<p>IPA SciREACT&nbsp; Projesi kapsam\u0131nda d\u00fczenlenecek olan 3 oturumluk \u00e7al\u0131\u015ftay serisi i\u00e7in Econix Ara\u015ft\u0131rma Analiz ve Dan\u0131\u015fmanl\u0131k A.\u015e. ile hizmet al\u0131m\u0131 s\u00f6zle\u015fmesi imzaland\u0131. S\u00f6zle\u015fme, Econix Ara\u015ft\u0131rma Analiz ve Dan\u0131\u015fmanl\u0131k A.\u015e. Kurucu Orta\u011f\u0131 Dr. G\u00fcven\u00e7 Ko\u00e7kaya ile IPA SciReACT Proje Y\u00fcr\u00fct\u00fcc\u00fcs\u00fc Do\u00e7. Dr. Hilal Yaz\u0131c\u0131 Malko\u00e7o\u011flu taraf\u0131ndan imzaland\u0131. \u00c7al\u0131\u015ftay serisi; ara\u015ft\u0131rma y\u00f6netimi, a\u00e7\u0131k bilim uygulamalar\u0131 ve kapasite [&hellip;]<\/p>","protected":false},"author":3,"featured_media":1002,"comment_status":"closed","ping_status":"open","sticky":false,"template":"","format":"standard","meta":{"footnotes":""},"categories":[6],"tags":[],"class_list":["post-1001","post","type-post","status-publish","format-standard","has-post-thumbnail","hentry","category-duyurular"],"_links":{"self":[{"href":"https:\/\/covid19.tubitak.gov.tr\/en\/wp-json\/wp\/v2\/posts\/1001","targetHints":{"allow":["GET"]}}],"collection":[{"href":"https:\/\/covid19.tubitak.gov.tr\/en\/wp-json\/wp\/v2\/posts"}],"about":[{"href":"https:\/\/covid19.tubitak.gov.tr\/en\/wp-json\/wp\/v2\/types\/post"}],"author":[{"embeddable":true,"href":"https:\/\/covid19.tubitak.gov.tr\/en\/wp-json\/wp\/v2\/users\/3"}],"replies":[{"embeddable":true,"href":"https:\/\/covid19.tubitak.gov.tr\/en\/wp-json\/wp\/v2\/comments?post=1001"}],"version-history":[{"count":1,"href":"https:\/\/covid19.tubitak.gov.tr\/en\/wp-json\/wp\/v2\/posts\/1001\/revisions"}],"predecessor-version":[{"id":1003,"href":"https:\/\/covid19.tubitak.gov.tr\/en\/wp-json\/wp\/v2\/posts\/1001\/revisions\/1003"}],"wp:featuredmedia":[{"embeddable":true,"href":"https:\/\/covid19.tubitak.gov.tr\/en\/wp-json\/wp\/v2\/media\/1002"}],"wp:attachment":[{"href":"https:\/\/covid19.tubitak.gov.tr\/en\/wp-json\/wp\/v2\/media?parent=1001"}],"wp:term":[{"taxonomy":"category","embeddable":true,"href":"https:\/\/covid19.tubitak.gov.tr\/en\/wp-json\/wp\/v2\/categories?post=1001"},{"taxonomy":"post_tag","embeddable":true,"href":"https:\/\/covid19.tubitak.gov.tr\/en\/wp-json\/wp\/v2\/tags?post=1001"}],"curies":[{"name":"wp","href":"https:\/\/api.w.org\/{rel}","templated":true}]}}