{"id":1004,"date":"2025-09-29T16:12:25","date_gmt":"2025-09-29T13:12:25","guid":{"rendered":"http:\/\/covid19.tubitak.gov.tr\/?p=1004"},"modified":"2025-09-29T16:12:25","modified_gmt":"2025-09-29T13:12:25","slug":"cisop-rekabetci-sektorler-programi-saglik-ve-gida-calistayi-gerceklestirildi","status":"publish","type":"post","link":"https:\/\/covid19.tubitak.gov.tr\/en\/cisop-rekabetci-sektorler-programi-saglik-ve-gida-calistayi-gerceklestirildi\/","title":{"rendered":"CISOP Rekabet\u00e7i Sekt\u00f6rler Program\u0131 \u201cSa\u011fl\u0131k ve G\u0131da\u201d \u00c7al\u0131\u015ftay\u0131 Ger\u00e7ekle\u015ftirildi"},"content":{"rendered":"<p>2 Eyl\u00fcl 2025 tarihinde Ankara\u2019da d\u00fczenlenen <strong>\u201cSa\u011fl\u0131k ve G\u0131da\u201d \u00c7al\u0131\u015ftay\u0131<\/strong>, CISOP Rekabet\u00e7i Sekt\u00f6rler Program\u0131 kapsam\u0131nda ger\u00e7ekle\u015ftirildi.<\/p>\n\n\n\n<p>\u00c7al\u0131\u015ftayda, sa\u011fl\u0131k ve g\u0131da sekt\u00f6rlerinde rekabetin art\u0131r\u0131lmas\u0131, yenilik\u00e7i yakla\u015f\u0131mlar\u0131n geli\u015ftirilmesi ve sekt\u00f6rler aras\u0131 i\u015f birli\u011finin g\u00fc\u00e7lendirilmesi konular\u0131 ele al\u0131nd\u0131. Kat\u0131l\u0131mc\u0131lar, program\u0131n hedefleri do\u011frultusunda g\u00f6r\u00fc\u015f ve \u00f6nerilerini payla\u015farak sekt\u00f6rlerin gelece\u011fine y\u00f6nelik stratejik ad\u0131mlar ve i\u015f birli\u011fi imk\u00e2nlar\u0131n\u0131 de\u011ferlendirdi.<\/p>\n\n\n\n<p>Kamu kurumlar\u0131, \u00fcniversiteler, \u00f6zel sekt\u00f6r ve sivil toplum kurulu\u015flar\u0131ndan temsilcilerin kat\u0131l\u0131m\u0131yla ger\u00e7ekle\u015fen etkinlik, sekt\u00f6rler aras\u0131 bilgi payla\u015f\u0131m\u0131na ve ortak \u00e7al\u0131\u015fma k\u00fclt\u00fcr\u00fcn\u00fcn geli\u015ftirilmesine \u00f6nemli katk\u0131lar sa\u011flad\u0131.<\/p>\n\n\n\n<figure class=\"wp-block-gallery has-nested-images columns-default is-cropped wp-block-gallery-1 is-layout-flex wp-block-gallery-is-layout-flex\">\n<figure class=\"wp-block-image size-large\"><img fetchpriority=\"high\" decoding=\"async\" width=\"1024\" height=\"682\" data-id=\"1005\" src=\"http:\/\/covid19.tubitak.gov.tr\/wp-content\/uploads\/2025\/09\/Health-and-Food-Workshop-3-1024x682.jpeg\" alt=\"\" class=\"wp-image-1005\" srcset=\"https:\/\/covid19.tubitak.gov.tr\/wp-content\/uploads\/2025\/09\/Health-and-Food-Workshop-3-1024x682.jpeg 1024w, https:\/\/covid19.tubitak.gov.tr\/wp-content\/uploads\/2025\/09\/Health-and-Food-Workshop-3-300x200.jpeg 300w, https:\/\/covid19.tubitak.gov.tr\/wp-content\/uploads\/2025\/09\/Health-and-Food-Workshop-3-768x512.jpeg 768w, https:\/\/covid19.tubitak.gov.tr\/wp-content\/uploads\/2025\/09\/Health-and-Food-Workshop-3-1536x1023.jpeg 1536w, https:\/\/covid19.tubitak.gov.tr\/wp-content\/uploads\/2025\/09\/Health-and-Food-Workshop-3-18x12.jpeg 18w, https:\/\/covid19.tubitak.gov.tr\/wp-content\/uploads\/2025\/09\/Health-and-Food-Workshop-3.jpeg 1600w\" sizes=\"(max-width: 1024px) 100vw, 1024px\" \/><\/figure>\n\n\n\n<figure class=\"wp-block-image size-large\"><img decoding=\"async\" width=\"1024\" height=\"682\" data-id=\"1009\" src=\"http:\/\/covid19.tubitak.gov.tr\/wp-content\/uploads\/2025\/09\/Health-and-Food-Workshop-5-1024x682.jpeg\" alt=\"\" class=\"wp-image-1009\" srcset=\"https:\/\/covid19.tubitak.gov.tr\/wp-content\/uploads\/2025\/09\/Health-and-Food-Workshop-5-1024x682.jpeg 1024w, https:\/\/covid19.tubitak.gov.tr\/wp-content\/uploads\/2025\/09\/Health-and-Food-Workshop-5-300x200.jpeg 300w, https:\/\/covid19.tubitak.gov.tr\/wp-content\/uploads\/2025\/09\/Health-and-Food-Workshop-5-768x512.jpeg 768w, https:\/\/covid19.tubitak.gov.tr\/wp-content\/uploads\/2025\/09\/Health-and-Food-Workshop-5-1536x1023.jpeg 1536w, https:\/\/covid19.tubitak.gov.tr\/wp-content\/uploads\/2025\/09\/Health-and-Food-Workshop-5-18x12.jpeg 18w, https:\/\/covid19.tubitak.gov.tr\/wp-content\/uploads\/2025\/09\/Health-and-Food-Workshop-5.jpeg 1600w\" sizes=\"(max-width: 1024px) 100vw, 1024px\" \/><\/figure>\n\n\n\n<figure class=\"wp-block-image size-large\"><img decoding=\"async\" width=\"1024\" height=\"560\" data-id=\"1010\" src=\"http:\/\/covid19.tubitak.gov.tr\/wp-content\/uploads\/2025\/09\/Health-and-Food-Workshop-7-1024x560.jpeg\" alt=\"\" class=\"wp-image-1010\" srcset=\"https:\/\/covid19.tubitak.gov.tr\/wp-content\/uploads\/2025\/09\/Health-and-Food-Workshop-7-1024x560.jpeg 1024w, https:\/\/covid19.tubitak.gov.tr\/wp-content\/uploads\/2025\/09\/Health-and-Food-Workshop-7-300x164.jpeg 300w, https:\/\/covid19.tubitak.gov.tr\/wp-content\/uploads\/2025\/09\/Health-and-Food-Workshop-7-768x420.jpeg 768w, https:\/\/covid19.tubitak.gov.tr\/wp-content\/uploads\/2025\/09\/Health-and-Food-Workshop-7-1536x840.jpeg 1536w, https:\/\/covid19.tubitak.gov.tr\/wp-content\/uploads\/2025\/09\/Health-and-Food-Workshop-7-18x10.jpeg 18w, https:\/\/covid19.tubitak.gov.tr\/wp-content\/uploads\/2025\/09\/Health-and-Food-Workshop-7.jpeg 1600w\" sizes=\"(max-width: 1024px) 100vw, 1024px\" \/><\/figure>\n\n\n\n<figure class=\"wp-block-image size-large\"><img loading=\"lazy\" decoding=\"async\" width=\"1024\" height=\"660\" data-id=\"1006\" src=\"http:\/\/covid19.tubitak.gov.tr\/wp-content\/uploads\/2025\/09\/Health-and-Food-Workshop-8-1024x660.jpeg\" alt=\"\" class=\"wp-image-1006\" srcset=\"https:\/\/covid19.tubitak.gov.tr\/wp-content\/uploads\/2025\/09\/Health-and-Food-Workshop-8-1024x660.jpeg 1024w, https:\/\/covid19.tubitak.gov.tr\/wp-content\/uploads\/2025\/09\/Health-and-Food-Workshop-8-300x193.jpeg 300w, https:\/\/covid19.tubitak.gov.tr\/wp-content\/uploads\/2025\/09\/Health-and-Food-Workshop-8-768x495.jpeg 768w, https:\/\/covid19.tubitak.gov.tr\/wp-content\/uploads\/2025\/09\/Health-and-Food-Workshop-8-1536x990.jpeg 1536w, https:\/\/covid19.tubitak.gov.tr\/wp-content\/uploads\/2025\/09\/Health-and-Food-Workshop-8-18x12.jpeg 18w, https:\/\/covid19.tubitak.gov.tr\/wp-content\/uploads\/2025\/09\/Health-and-Food-Workshop-8.jpeg 1600w\" sizes=\"(max-width: 1024px) 100vw, 1024px\" \/><\/figure>\n\n\n\n<figure class=\"wp-block-image size-large\"><img loading=\"lazy\" decoding=\"async\" width=\"1024\" height=\"682\" data-id=\"1007\" src=\"http:\/\/covid19.tubitak.gov.tr\/wp-content\/uploads\/2025\/09\/Health-and-Food-Workshop-9-1024x682.jpeg\" alt=\"\" class=\"wp-image-1007\" srcset=\"https:\/\/covid19.tubitak.gov.tr\/wp-content\/uploads\/2025\/09\/Health-and-Food-Workshop-9-1024x682.jpeg 1024w, https:\/\/covid19.tubitak.gov.tr\/wp-content\/uploads\/2025\/09\/Health-and-Food-Workshop-9-300x200.jpeg 300w, https:\/\/covid19.tubitak.gov.tr\/wp-content\/uploads\/2025\/09\/Health-and-Food-Workshop-9-768x512.jpeg 768w, https:\/\/covid19.tubitak.gov.tr\/wp-content\/uploads\/2025\/09\/Health-and-Food-Workshop-9-1536x1023.jpeg 1536w, https:\/\/covid19.tubitak.gov.tr\/wp-content\/uploads\/2025\/09\/Health-and-Food-Workshop-9-18x12.jpeg 18w, https:\/\/covid19.tubitak.gov.tr\/wp-content\/uploads\/2025\/09\/Health-and-Food-Workshop-9.jpeg 1600w\" sizes=\"(max-width: 1024px) 100vw, 1024px\" \/><\/figure>\n\n\n\n<figure class=\"wp-block-image size-large\"><img loading=\"lazy\" decoding=\"async\" width=\"1024\" height=\"536\" data-id=\"1008\" src=\"http:\/\/covid19.tubitak.gov.tr\/wp-content\/uploads\/2025\/09\/Health-and-Food-Workshop-14-1024x536.jpeg\" alt=\"\" class=\"wp-image-1008\" srcset=\"https:\/\/covid19.tubitak.gov.tr\/wp-content\/uploads\/2025\/09\/Health-and-Food-Workshop-14-1024x536.jpeg 1024w, https:\/\/covid19.tubitak.gov.tr\/wp-content\/uploads\/2025\/09\/Health-and-Food-Workshop-14-300x157.jpeg 300w, https:\/\/covid19.tubitak.gov.tr\/wp-content\/uploads\/2025\/09\/Health-and-Food-Workshop-14-768x402.jpeg 768w, https:\/\/covid19.tubitak.gov.tr\/wp-content\/uploads\/2025\/09\/Health-and-Food-Workshop-14-1536x804.jpeg 1536w, https:\/\/covid19.tubitak.gov.tr\/wp-content\/uploads\/2025\/09\/Health-and-Food-Workshop-14-18x9.jpeg 18w, https:\/\/covid19.tubitak.gov.tr\/wp-content\/uploads\/2025\/09\/Health-and-Food-Workshop-14.jpeg 1600w\" sizes=\"(max-width: 1024px) 100vw, 1024px\" \/><\/figure>\n\n\n\n<figure class=\"wp-block-image size-large\"><img loading=\"lazy\" decoding=\"async\" width=\"1024\" height=\"682\" data-id=\"1011\" src=\"http:\/\/covid19.tubitak.gov.tr\/wp-content\/uploads\/2025\/09\/Health-and-Food-Workshop-16-1024x682.jpeg\" alt=\"\" class=\"wp-image-1011\" srcset=\"https:\/\/covid19.tubitak.gov.tr\/wp-content\/uploads\/2025\/09\/Health-and-Food-Workshop-16-1024x682.jpeg 1024w, https:\/\/covid19.tubitak.gov.tr\/wp-content\/uploads\/2025\/09\/Health-and-Food-Workshop-16-300x200.jpeg 300w, https:\/\/covid19.tubitak.gov.tr\/wp-content\/uploads\/2025\/09\/Health-and-Food-Workshop-16-768x512.jpeg 768w, https:\/\/covid19.tubitak.gov.tr\/wp-content\/uploads\/2025\/09\/Health-and-Food-Workshop-16-1536x1023.jpeg 1536w, https:\/\/covid19.tubitak.gov.tr\/wp-content\/uploads\/2025\/09\/Health-and-Food-Workshop-16-18x12.jpeg 18w, https:\/\/covid19.tubitak.gov.tr\/wp-content\/uploads\/2025\/09\/Health-and-Food-Workshop-16.jpeg 1600w\" sizes=\"(max-width: 1024px) 100vw, 1024px\" \/><\/figure>\n\n\n\n<figure class=\"wp-block-image size-large\"><img loading=\"lazy\" decoding=\"async\" width=\"1024\" height=\"768\" data-id=\"1012\" src=\"http:\/\/covid19.tubitak.gov.tr\/wp-content\/uploads\/2025\/09\/WhatsApp-Image-2025-09-03-at-10.30.10-1024x768.jpeg\" alt=\"\" class=\"wp-image-1012\" srcset=\"https:\/\/covid19.tubitak.gov.tr\/wp-content\/uploads\/2025\/09\/WhatsApp-Image-2025-09-03-at-10.30.10-1024x768.jpeg 1024w, https:\/\/covid19.tubitak.gov.tr\/wp-content\/uploads\/2025\/09\/WhatsApp-Image-2025-09-03-at-10.30.10-300x225.jpeg 300w, https:\/\/covid19.tubitak.gov.tr\/wp-content\/uploads\/2025\/09\/WhatsApp-Image-2025-09-03-at-10.30.10-768x576.jpeg 768w, https:\/\/covid19.tubitak.gov.tr\/wp-content\/uploads\/2025\/09\/WhatsApp-Image-2025-09-03-at-10.30.10-1536x1152.jpeg 1536w, https:\/\/covid19.tubitak.gov.tr\/wp-content\/uploads\/2025\/09\/WhatsApp-Image-2025-09-03-at-10.30.10-16x12.jpeg 16w, https:\/\/covid19.tubitak.gov.tr\/wp-content\/uploads\/2025\/09\/WhatsApp-Image-2025-09-03-at-10.30.10.jpeg 1600w\" sizes=\"(max-width: 1024px) 100vw, 1024px\" \/><\/figure>\n<\/figure>","protected":false},"excerpt":{"rendered":"<p>2 Eyl\u00fcl 2025 tarihinde Ankara\u2019da d\u00fczenlenen \u201cSa\u011fl\u0131k ve G\u0131da\u201d \u00c7al\u0131\u015ftay\u0131, CISOP Rekabet\u00e7i Sekt\u00f6rler Program\u0131 kapsam\u0131nda ger\u00e7ekle\u015ftirildi. \u00c7al\u0131\u015ftayda, sa\u011fl\u0131k ve g\u0131da sekt\u00f6rlerinde rekabetin art\u0131r\u0131lmas\u0131, yenilik\u00e7i yakla\u015f\u0131mlar\u0131n geli\u015ftirilmesi ve sekt\u00f6rler aras\u0131 i\u015f birli\u011finin g\u00fc\u00e7lendirilmesi konular\u0131 ele al\u0131nd\u0131. Kat\u0131l\u0131mc\u0131lar, program\u0131n hedefleri do\u011frultusunda g\u00f6r\u00fc\u015f ve \u00f6nerilerini payla\u015farak sekt\u00f6rlerin gelece\u011fine y\u00f6nelik stratejik ad\u0131mlar ve i\u015f birli\u011fi imk\u00e2nlar\u0131n\u0131 de\u011ferlendirdi. Kamu kurumlar\u0131, [&hellip;]<\/p>","protected":false},"author":3,"featured_media":1011,"comment_status":"closed","ping_status":"open","sticky":false,"template":"","format":"standard","meta":{"footnotes":""},"categories":[6],"tags":[],"class_list":["post-1004","post","type-post","status-publish","format-standard","has-post-thumbnail","hentry","category-duyurular"],"_links":{"self":[{"href":"https:\/\/covid19.tubitak.gov.tr\/en\/wp-json\/wp\/v2\/posts\/1004","targetHints":{"allow":["GET"]}}],"collection":[{"href":"https:\/\/covid19.tubitak.gov.tr\/en\/wp-json\/wp\/v2\/posts"}],"about":[{"href":"https:\/\/covid19.tubitak.gov.tr\/en\/wp-json\/wp\/v2\/types\/post"}],"author":[{"embeddable":true,"href":"https:\/\/covid19.tubitak.gov.tr\/en\/wp-json\/wp\/v2\/users\/3"}],"replies":[{"embeddable":true,"href":"https:\/\/covid19.tubitak.gov.tr\/en\/wp-json\/wp\/v2\/comments?post=1004"}],"version-history":[{"count":1,"href":"https:\/\/covid19.tubitak.gov.tr\/en\/wp-json\/wp\/v2\/posts\/1004\/revisions"}],"predecessor-version":[{"id":1013,"href":"https:\/\/covid19.tubitak.gov.tr\/en\/wp-json\/wp\/v2\/posts\/1004\/revisions\/1013"}],"wp:featuredmedia":[{"embeddable":true,"href":"https:\/\/covid19.tubitak.gov.tr\/en\/wp-json\/wp\/v2\/media\/1011"}],"wp:attachment":[{"href":"https:\/\/covid19.tubitak.gov.tr\/en\/wp-json\/wp\/v2\/media?parent=1004"}],"wp:term":[{"taxonomy":"category","embeddable":true,"href":"https:\/\/covid19.tubitak.gov.tr\/en\/wp-json\/wp\/v2\/categories?post=1004"},{"taxonomy":"post_tag","embeddable":true,"href":"https:\/\/covid19.tubitak.gov.tr\/en\/wp-json\/wp\/v2\/tags?post=1004"}],"curies":[{"name":"wp","href":"https:\/\/api.w.org\/{rel}","templated":true}]}}