{"id":1085,"date":"2026-03-12T15:02:39","date_gmt":"2026-03-12T12:02:39","guid":{"rendered":"https:\/\/covid19.tubitak.gov.tr\/?p=1085"},"modified":"2026-03-12T15:02:39","modified_gmt":"2026-03-12T12:02:39","slug":"pandemi-x-calistay-serimizin-ikinci-oturumu-cozum-onerileri-calistayi-basariyla-tamamlandi","status":"publish","type":"post","link":"https:\/\/covid19.tubitak.gov.tr\/en\/pandemi-x-calistay-serimizin-ikinci-oturumu-cozum-onerileri-calistayi-basariyla-tamamlandi\/","title":{"rendered":"Pandemi-X \u00c7al\u0131\u015ftay Serimizin ikinci oturumu \u201c\u00c7\u00f6z\u00fcm \u00d6nerileri \u00c7al\u0131\u015ftay\u0131\u201d ba\u015far\u0131yla tamamland\u0131"},"content":{"rendered":"<figure class=\"wp-block-image size-large\"><img fetchpriority=\"high\" decoding=\"async\" width=\"1024\" height=\"724\" src=\"https:\/\/covid19.tubitak.gov.tr\/wp-content\/uploads\/2026\/03\/Cozum-Onerileri-Calistayi_Davetiye-1024x724.jpg\" alt=\"\" class=\"wp-image-1086\" srcset=\"https:\/\/covid19.tubitak.gov.tr\/wp-content\/uploads\/2026\/03\/Cozum-Onerileri-Calistayi_Davetiye-1024x724.jpg 1024w, https:\/\/covid19.tubitak.gov.tr\/wp-content\/uploads\/2026\/03\/Cozum-Onerileri-Calistayi_Davetiye-300x212.jpg 300w, https:\/\/covid19.tubitak.gov.tr\/wp-content\/uploads\/2026\/03\/Cozum-Onerileri-Calistayi_Davetiye-768x543.jpg 768w, https:\/\/covid19.tubitak.gov.tr\/wp-content\/uploads\/2026\/03\/Cozum-Onerileri-Calistayi_Davetiye-1536x1086.jpg 1536w, https:\/\/covid19.tubitak.gov.tr\/wp-content\/uploads\/2026\/03\/Cozum-Onerileri-Calistayi_Davetiye-18x12.jpg 18w, https:\/\/covid19.tubitak.gov.tr\/wp-content\/uploads\/2026\/03\/Cozum-Onerileri-Calistayi_Davetiye.jpg 1542w\" sizes=\"(max-width: 1024px) 100vw, 1024px\" \/><\/figure>\n\n\n\n<figure class=\"wp-block-gallery has-nested-images columns-default is-cropped wp-block-gallery-1 is-layout-flex wp-block-gallery-is-layout-flex\">\n<figure class=\"wp-block-image size-large\"><img decoding=\"async\" width=\"724\" height=\"1024\" data-id=\"1088\" src=\"https:\/\/covid19.tubitak.gov.tr\/wp-content\/uploads\/2026\/03\/6dd60ec5356d4c31e51d5b62782eb36bsW5HOn6W0qSm5MH6-0-724x1024.jpg\" alt=\"\" class=\"wp-image-1088\" srcset=\"https:\/\/covid19.tubitak.gov.tr\/wp-content\/uploads\/2026\/03\/6dd60ec5356d4c31e51d5b62782eb36bsW5HOn6W0qSm5MH6-0-724x1024.jpg 724w, https:\/\/covid19.tubitak.gov.tr\/wp-content\/uploads\/2026\/03\/6dd60ec5356d4c31e51d5b62782eb36bsW5HOn6W0qSm5MH6-0-212x300.jpg 212w, https:\/\/covid19.tubitak.gov.tr\/wp-content\/uploads\/2026\/03\/6dd60ec5356d4c31e51d5b62782eb36bsW5HOn6W0qSm5MH6-0-768x1086.jpg 768w, https:\/\/covid19.tubitak.gov.tr\/wp-content\/uploads\/2026\/03\/6dd60ec5356d4c31e51d5b62782eb36bsW5HOn6W0qSm5MH6-0-8x12.jpg 8w, https:\/\/covid19.tubitak.gov.tr\/wp-content\/uploads\/2026\/03\/6dd60ec5356d4c31e51d5b62782eb36bsW5HOn6W0qSm5MH6-0.jpg 992w\" sizes=\"(max-width: 724px) 100vw, 724px\" \/><\/figure>\n\n\n\n<figure class=\"wp-block-image size-large\"><img decoding=\"async\" width=\"724\" height=\"1024\" data-id=\"1087\" src=\"https:\/\/covid19.tubitak.gov.tr\/wp-content\/uploads\/2026\/03\/6dd60ec5356d4c31e51d5b62782eb36bsW5HOn6W0qSm5MH6-1-724x1024.jpg\" alt=\"\" class=\"wp-image-1087\" srcset=\"https:\/\/covid19.tubitak.gov.tr\/wp-content\/uploads\/2026\/03\/6dd60ec5356d4c31e51d5b62782eb36bsW5HOn6W0qSm5MH6-1-724x1024.jpg 724w, https:\/\/covid19.tubitak.gov.tr\/wp-content\/uploads\/2026\/03\/6dd60ec5356d4c31e51d5b62782eb36bsW5HOn6W0qSm5MH6-1-212x300.jpg 212w, https:\/\/covid19.tubitak.gov.tr\/wp-content\/uploads\/2026\/03\/6dd60ec5356d4c31e51d5b62782eb36bsW5HOn6W0qSm5MH6-1-768x1086.jpg 768w, https:\/\/covid19.tubitak.gov.tr\/wp-content\/uploads\/2026\/03\/6dd60ec5356d4c31e51d5b62782eb36bsW5HOn6W0qSm5MH6-1-8x12.jpg 8w, https:\/\/covid19.tubitak.gov.tr\/wp-content\/uploads\/2026\/03\/6dd60ec5356d4c31e51d5b62782eb36bsW5HOn6W0qSm5MH6-1.jpg 992w\" sizes=\"(max-width: 724px) 100vw, 724px\" \/><\/figure>\n<\/figure>\n\n\n\n<p>T.C. Sanayi ve Teknoloji Bakanl\u0131\u011f\u0131 himayesinde, Avrupa Birli\u011fi IPA fonlar\u0131yla desteklenen ve T\u00dcB\u0130TAK MAM taraf\u0131ndan y\u00fcr\u00fct\u00fclen COVID-19\u2019a Kar\u015f\u0131 Bilimsel Yan\u0131t (SciReact) projesi kapsam\u0131nda d\u00fczenlenen Pandemi-X \u00c7al\u0131\u015ftay Serisinin ikinci oturumu \u201c\u00c7\u00f6z\u00fcm \u00d6nerileri \u00c7al\u0131\u015ftay\u0131\u201d, 17\u201318 Aral\u0131k 2025 tarihlerinde Crowne Plaza Asia Hotel\u2019de ger\u00e7ekle\u015ftirildi.<\/p>\n\n\n\n<p>\u200e\u200eAkademi, sanayi, \u00f6zel sekt\u00f6r ve kamu kurumlar\u0131ndan kat\u0131l\u0131mc\u0131lar\u0131n bir araya geldi\u011fi ikinci oturumda, \u201cSorun Tespit \u00c7al\u0131\u015ftay\u0131\u201d kapsam\u0131nda belirlenen sorunlara ve bu sorunlarla ili\u015fkili k\u00f6k analizlerine y\u00f6nelik somut, uygulanabilir ve s\u00fcrd\u00fcr\u00fclebilir \u00e7\u00f6z\u00fcm \u00f6nerileri ele al\u0131nd\u0131.<\/p>\n\n\n\n<p>\u200e\u00c7al\u0131\u015ftay s\u00fcresince, tespit edilen sorunlara y\u00f6nelik geli\u015ftirilen \u00e7\u00f6z\u00fcm \u00f6nerilerinin, yol haritas\u0131 \u00e7al\u0131\u015ftay\u0131na girdi sa\u011flamas\u0131 a\u00e7\u0131s\u0131ndan \u00f6nemli bir perspektif sa\u011flam\u0131\u015ft\u0131r.<\/p>\n\n\n\n<figure class=\"wp-block-gallery has-nested-images columns-default is-cropped wp-block-gallery-2 is-layout-flex wp-block-gallery-is-layout-flex\">\n<figure class=\"wp-block-image size-large\"><img loading=\"lazy\" decoding=\"async\" width=\"1024\" height=\"684\" data-id=\"1090\" src=\"https:\/\/covid19.tubitak.gov.tr\/wp-content\/uploads\/2026\/03\/1-Proje-Ekibi-1024x684.jpeg\" alt=\"\" class=\"wp-image-1090\" srcset=\"https:\/\/covid19.tubitak.gov.tr\/wp-content\/uploads\/2026\/03\/1-Proje-Ekibi-1024x684.jpeg 1024w, https:\/\/covid19.tubitak.gov.tr\/wp-content\/uploads\/2026\/03\/1-Proje-Ekibi-300x200.jpeg 300w, https:\/\/covid19.tubitak.gov.tr\/wp-content\/uploads\/2026\/03\/1-Proje-Ekibi-768x513.jpeg 768w, https:\/\/covid19.tubitak.gov.tr\/wp-content\/uploads\/2026\/03\/1-Proje-Ekibi-1536x1025.jpeg 1536w, https:\/\/covid19.tubitak.gov.tr\/wp-content\/uploads\/2026\/03\/1-Proje-Ekibi-18x12.jpeg 18w, https:\/\/covid19.tubitak.gov.tr\/wp-content\/uploads\/2026\/03\/1-Proje-Ekibi.jpeg 1600w\" sizes=\"(max-width: 1024px) 100vw, 1024px\" \/><\/figure>\n\n\n\n<figure class=\"wp-block-image size-large\"><img loading=\"lazy\" decoding=\"async\" width=\"1024\" height=\"684\" data-id=\"1093\" src=\"https:\/\/covid19.tubitak.gov.tr\/wp-content\/uploads\/2026\/03\/2-1-1024x684.jpg\" alt=\"\" class=\"wp-image-1093\" srcset=\"https:\/\/covid19.tubitak.gov.tr\/wp-content\/uploads\/2026\/03\/2-1-1024x684.jpg 1024w, https:\/\/covid19.tubitak.gov.tr\/wp-content\/uploads\/2026\/03\/2-1-300x200.jpg 300w, https:\/\/covid19.tubitak.gov.tr\/wp-content\/uploads\/2026\/03\/2-1-768x513.jpg 768w, https:\/\/covid19.tubitak.gov.tr\/wp-content\/uploads\/2026\/03\/2-1-1536x1025.jpg 1536w, https:\/\/covid19.tubitak.gov.tr\/wp-content\/uploads\/2026\/03\/2-1-18x12.jpg 18w, https:\/\/covid19.tubitak.gov.tr\/wp-content\/uploads\/2026\/03\/2-1.jpg 1618w\" sizes=\"(max-width: 1024px) 100vw, 1024px\" \/><\/figure>\n\n\n\n<figure class=\"wp-block-image size-large\"><img loading=\"lazy\" decoding=\"async\" width=\"1024\" height=\"684\" data-id=\"1091\" src=\"https:\/\/covid19.tubitak.gov.tr\/wp-content\/uploads\/2026\/03\/3-1-1024x684.jpg\" alt=\"\" class=\"wp-image-1091\" srcset=\"https:\/\/covid19.tubitak.gov.tr\/wp-content\/uploads\/2026\/03\/3-1-1024x684.jpg 1024w, https:\/\/covid19.tubitak.gov.tr\/wp-content\/uploads\/2026\/03\/3-1-300x200.jpg 300w, https:\/\/covid19.tubitak.gov.tr\/wp-content\/uploads\/2026\/03\/3-1-768x513.jpg 768w, https:\/\/covid19.tubitak.gov.tr\/wp-content\/uploads\/2026\/03\/3-1-1536x1025.jpg 1536w, https:\/\/covid19.tubitak.gov.tr\/wp-content\/uploads\/2026\/03\/3-1-18x12.jpg 18w, https:\/\/covid19.tubitak.gov.tr\/wp-content\/uploads\/2026\/03\/3-1.jpg 1618w\" sizes=\"(max-width: 1024px) 100vw, 1024px\" \/><\/figure>\n\n\n\n<figure class=\"wp-block-image size-large\"><img loading=\"lazy\" decoding=\"async\" width=\"1024\" height=\"684\" data-id=\"1092\" src=\"https:\/\/covid19.tubitak.gov.tr\/wp-content\/uploads\/2026\/03\/4-2-1024x684.jpg\" alt=\"\" class=\"wp-image-1092\" srcset=\"https:\/\/covid19.tubitak.gov.tr\/wp-content\/uploads\/2026\/03\/4-2-1024x684.jpg 1024w, https:\/\/covid19.tubitak.gov.tr\/wp-content\/uploads\/2026\/03\/4-2-300x200.jpg 300w, https:\/\/covid19.tubitak.gov.tr\/wp-content\/uploads\/2026\/03\/4-2-768x513.jpg 768w, https:\/\/covid19.tubitak.gov.tr\/wp-content\/uploads\/2026\/03\/4-2-1536x1025.jpg 1536w, https:\/\/covid19.tubitak.gov.tr\/wp-content\/uploads\/2026\/03\/4-2-18x12.jpg 18w, https:\/\/covid19.tubitak.gov.tr\/wp-content\/uploads\/2026\/03\/4-2.jpg 1618w\" sizes=\"(max-width: 1024px) 100vw, 1024px\" \/><\/figure>\n\n\n\n<figure class=\"wp-block-image size-large\"><img loading=\"lazy\" decoding=\"async\" width=\"1024\" height=\"684\" data-id=\"1094\" src=\"https:\/\/covid19.tubitak.gov.tr\/wp-content\/uploads\/2026\/03\/5-2-1024x684.jpg\" alt=\"\" class=\"wp-image-1094\" srcset=\"https:\/\/covid19.tubitak.gov.tr\/wp-content\/uploads\/2026\/03\/5-2-1024x684.jpg 1024w, https:\/\/covid19.tubitak.gov.tr\/wp-content\/uploads\/2026\/03\/5-2-300x200.jpg 300w, https:\/\/covid19.tubitak.gov.tr\/wp-content\/uploads\/2026\/03\/5-2-768x513.jpg 768w, https:\/\/covid19.tubitak.gov.tr\/wp-content\/uploads\/2026\/03\/5-2-1536x1025.jpg 1536w, https:\/\/covid19.tubitak.gov.tr\/wp-content\/uploads\/2026\/03\/5-2-18x12.jpg 18w, https:\/\/covid19.tubitak.gov.tr\/wp-content\/uploads\/2026\/03\/5-2.jpg 1618w\" sizes=\"(max-width: 1024px) 100vw, 1024px\" \/><\/figure>\n\n\n\n<figure class=\"wp-block-image size-large\"><img loading=\"lazy\" decoding=\"async\" width=\"1024\" height=\"684\" data-id=\"1089\" src=\"https:\/\/covid19.tubitak.gov.tr\/wp-content\/uploads\/2026\/03\/6-2-1024x684.jpg\" alt=\"\" class=\"wp-image-1089\" srcset=\"https:\/\/covid19.tubitak.gov.tr\/wp-content\/uploads\/2026\/03\/6-2-1024x684.jpg 1024w, https:\/\/covid19.tubitak.gov.tr\/wp-content\/uploads\/2026\/03\/6-2-300x200.jpg 300w, https:\/\/covid19.tubitak.gov.tr\/wp-content\/uploads\/2026\/03\/6-2-768x513.jpg 768w, https:\/\/covid19.tubitak.gov.tr\/wp-content\/uploads\/2026\/03\/6-2-1536x1025.jpg 1536w, https:\/\/covid19.tubitak.gov.tr\/wp-content\/uploads\/2026\/03\/6-2-18x12.jpg 18w, https:\/\/covid19.tubitak.gov.tr\/wp-content\/uploads\/2026\/03\/6-2.jpg 1618w\" sizes=\"(max-width: 1024px) 100vw, 1024px\" \/><\/figure>\n\n\n\n<figure class=\"wp-block-image size-large\"><img loading=\"lazy\" decoding=\"async\" width=\"1024\" height=\"684\" data-id=\"1095\" src=\"https:\/\/covid19.tubitak.gov.tr\/wp-content\/uploads\/2026\/03\/7-2-1024x684.jpg\" alt=\"\" class=\"wp-image-1095\" srcset=\"https:\/\/covid19.tubitak.gov.tr\/wp-content\/uploads\/2026\/03\/7-2-1024x684.jpg 1024w, https:\/\/covid19.tubitak.gov.tr\/wp-content\/uploads\/2026\/03\/7-2-300x200.jpg 300w, https:\/\/covid19.tubitak.gov.tr\/wp-content\/uploads\/2026\/03\/7-2-768x513.jpg 768w, https:\/\/covid19.tubitak.gov.tr\/wp-content\/uploads\/2026\/03\/7-2-1536x1025.jpg 1536w, https:\/\/covid19.tubitak.gov.tr\/wp-content\/uploads\/2026\/03\/7-2-18x12.jpg 18w, https:\/\/covid19.tubitak.gov.tr\/wp-content\/uploads\/2026\/03\/7-2.jpg 1618w\" sizes=\"(max-width: 1024px) 100vw, 1024px\" \/><\/figure>\n\n\n\n<figure class=\"wp-block-image size-large\"><img loading=\"lazy\" decoding=\"async\" width=\"1024\" height=\"684\" data-id=\"1096\" src=\"https:\/\/covid19.tubitak.gov.tr\/wp-content\/uploads\/2026\/03\/8-2-1024x684.jpg\" alt=\"\" class=\"wp-image-1096\" srcset=\"https:\/\/covid19.tubitak.gov.tr\/wp-content\/uploads\/2026\/03\/8-2-1024x684.jpg 1024w, https:\/\/covid19.tubitak.gov.tr\/wp-content\/uploads\/2026\/03\/8-2-300x200.jpg 300w, https:\/\/covid19.tubitak.gov.tr\/wp-content\/uploads\/2026\/03\/8-2-768x513.jpg 768w, https:\/\/covid19.tubitak.gov.tr\/wp-content\/uploads\/2026\/03\/8-2-1536x1025.jpg 1536w, https:\/\/covid19.tubitak.gov.tr\/wp-content\/uploads\/2026\/03\/8-2-18x12.jpg 18w, https:\/\/covid19.tubitak.gov.tr\/wp-content\/uploads\/2026\/03\/8-2.jpg 1618w\" sizes=\"(max-width: 1024px) 100vw, 1024px\" \/><\/figure>\n\n\n\n<figure class=\"wp-block-image size-large\"><img loading=\"lazy\" decoding=\"async\" width=\"1024\" height=\"684\" data-id=\"1097\" src=\"https:\/\/covid19.tubitak.gov.tr\/wp-content\/uploads\/2026\/03\/9-1-1024x684.jpg\" alt=\"\" class=\"wp-image-1097\" srcset=\"https:\/\/covid19.tubitak.gov.tr\/wp-content\/uploads\/2026\/03\/9-1-1024x684.jpg 1024w, https:\/\/covid19.tubitak.gov.tr\/wp-content\/uploads\/2026\/03\/9-1-300x200.jpg 300w, https:\/\/covid19.tubitak.gov.tr\/wp-content\/uploads\/2026\/03\/9-1-768x513.jpg 768w, https:\/\/covid19.tubitak.gov.tr\/wp-content\/uploads\/2026\/03\/9-1-1536x1025.jpg 1536w, https:\/\/covid19.tubitak.gov.tr\/wp-content\/uploads\/2026\/03\/9-1-18x12.jpg 18w, https:\/\/covid19.tubitak.gov.tr\/wp-content\/uploads\/2026\/03\/9-1.jpg 1618w\" sizes=\"(max-width: 1024px) 100vw, 1024px\" \/><\/figure>\n\n\n\n<figure class=\"wp-block-image size-large\"><img loading=\"lazy\" decoding=\"async\" width=\"1024\" height=\"388\" data-id=\"1098\" src=\"https:\/\/covid19.tubitak.gov.tr\/wp-content\/uploads\/2026\/03\/10-Toplu-Fotograf-1024x388.jpg\" alt=\"\" class=\"wp-image-1098\" srcset=\"https:\/\/covid19.tubitak.gov.tr\/wp-content\/uploads\/2026\/03\/10-Toplu-Fotograf-1024x388.jpg 1024w, https:\/\/covid19.tubitak.gov.tr\/wp-content\/uploads\/2026\/03\/10-Toplu-Fotograf-300x114.jpg 300w, https:\/\/covid19.tubitak.gov.tr\/wp-content\/uploads\/2026\/03\/10-Toplu-Fotograf-768x291.jpg 768w, https:\/\/covid19.tubitak.gov.tr\/wp-content\/uploads\/2026\/03\/10-Toplu-Fotograf-1536x583.jpg 1536w, https:\/\/covid19.tubitak.gov.tr\/wp-content\/uploads\/2026\/03\/10-Toplu-Fotograf-18x7.jpg 18w, https:\/\/covid19.tubitak.gov.tr\/wp-content\/uploads\/2026\/03\/10-Toplu-Fotograf.jpg 1590w\" sizes=\"(max-width: 1024px) 100vw, 1024px\" \/><\/figure>\n<\/figure>","protected":false},"excerpt":{"rendered":"<p>T.C. Sanayi ve Teknoloji Bakanl\u0131\u011f\u0131 himayesinde, Avrupa Birli\u011fi IPA fonlar\u0131yla desteklenen ve T\u00dcB\u0130TAK MAM taraf\u0131ndan y\u00fcr\u00fct\u00fclen COVID-19\u2019a Kar\u015f\u0131 Bilimsel Yan\u0131t (SciReact) projesi kapsam\u0131nda d\u00fczenlenen Pandemi-X \u00c7al\u0131\u015ftay Serisinin ikinci oturumu \u201c\u00c7\u00f6z\u00fcm \u00d6nerileri \u00c7al\u0131\u015ftay\u0131\u201d, 17\u201318 Aral\u0131k 2025 tarihlerinde Crowne Plaza Asia Hotel\u2019de ger\u00e7ekle\u015ftirildi. \u200e\u200eAkademi, sanayi, \u00f6zel sekt\u00f6r ve kamu kurumlar\u0131ndan kat\u0131l\u0131mc\u0131lar\u0131n bir araya geldi\u011fi ikinci oturumda, \u201cSorun [&hellip;]<\/p>","protected":false},"author":3,"featured_media":1090,"comment_status":"closed","ping_status":"open","sticky":false,"template":"","format":"standard","meta":{"footnotes":""},"categories":[6],"tags":[],"class_list":["post-1085","post","type-post","status-publish","format-standard","has-post-thumbnail","hentry","category-duyurular"],"_links":{"self":[{"href":"https:\/\/covid19.tubitak.gov.tr\/en\/wp-json\/wp\/v2\/posts\/1085","targetHints":{"allow":["GET"]}}],"collection":[{"href":"https:\/\/covid19.tubitak.gov.tr\/en\/wp-json\/wp\/v2\/posts"}],"about":[{"href":"https:\/\/covid19.tubitak.gov.tr\/en\/wp-json\/wp\/v2\/types\/post"}],"author":[{"embeddable":true,"href":"https:\/\/covid19.tubitak.gov.tr\/en\/wp-json\/wp\/v2\/users\/3"}],"replies":[{"embeddable":true,"href":"https:\/\/covid19.tubitak.gov.tr\/en\/wp-json\/wp\/v2\/comments?post=1085"}],"version-history":[{"count":1,"href":"https:\/\/covid19.tubitak.gov.tr\/en\/wp-json\/wp\/v2\/posts\/1085\/revisions"}],"predecessor-version":[{"id":1099,"href":"https:\/\/covid19.tubitak.gov.tr\/en\/wp-json\/wp\/v2\/posts\/1085\/revisions\/1099"}],"wp:featuredmedia":[{"embeddable":true,"href":"https:\/\/covid19.tubitak.gov.tr\/en\/wp-json\/wp\/v2\/media\/1090"}],"wp:attachment":[{"href":"https:\/\/covid19.tubitak.gov.tr\/en\/wp-json\/wp\/v2\/media?parent=1085"}],"wp:term":[{"taxonomy":"category","embeddable":true,"href":"https:\/\/covid19.tubitak.gov.tr\/en\/wp-json\/wp\/v2\/categories?post=1085"},{"taxonomy":"post_tag","embeddable":true,"href":"https:\/\/covid19.tubitak.gov.tr\/en\/wp-json\/wp\/v2\/tags?post=1085"}],"curies":[{"name":"wp","href":"https:\/\/api.w.org\/{rel}","templated":true}]}}