{"id":994,"date":"2025-09-29T16:04:16","date_gmt":"2025-09-29T13:04:16","guid":{"rendered":"http:\/\/covid19.tubitak.gov.tr\/?p=994"},"modified":"2025-09-29T16:10:14","modified_gmt":"2025-09-29T13:10:14","slug":"ipa-scireact-projesi-kapsaminda-toksikoloji-testleri-icin-hizmet-alimi-sozlesmesi-imzalandi","status":"publish","type":"post","link":"https:\/\/covid19.tubitak.gov.tr\/en\/ipa-scireact-projesi-kapsaminda-toksikoloji-testleri-icin-hizmet-alimi-sozlesmesi-imzalandi\/","title":{"rendered":"IPA SciREACT Projesi Kapsam\u0131nda Toksikoloji Testleri \u0130\u00e7in Hizmet Al\u0131m\u0131 S\u00f6zle\u015fmesi \u0130mzaland\u0131"},"content":{"rendered":"<p>IPA SciReACT&nbsp; Projesi kapsam\u0131nda ger\u00e7ekle\u015ftirilecek toksikoloji testleri i\u00e7in 25 Nisan 2025 tarihinde hizmet al\u0131m\u0131 ihalesine \u00e7\u0131k\u0131lm\u0131\u015ft\u0131r. \u0130hale s\u00fcrecinin tamamlanmas\u0131n\u0131n ard\u0131ndan, 2 Temmuz 2025 tarihinde hizmet al\u0131m\u0131 s\u00f6zle\u015fmesi imzalanm\u0131\u015ft\u0131r.<\/p>\n\n\n\n<p>S\u00f6zle\u015fme, <em>Kobay A.\u015e.<\/em> Kurucusu <strong>Vet. Ay\u015fe Beg\u00fcm Bu\u011fdayc\u0131<\/strong> ile IPA SciReACT Proje Y\u00fcr\u00fct\u00fcc\u00fcs\u00fc <strong>Do\u00e7. Dr. Hilal Yaz\u0131c\u0131 Malko\u00e7o\u011flu<\/strong> taraf\u0131ndan imzalanm\u0131\u015ft\u0131r.<\/p>\n\n\n\n<p>Toksikoloji testleri, proje kapsam\u0131nda geli\u015ftirilen \u00fcr\u00fcnlerin canl\u0131 sistemler \u00fczerindeki olas\u0131 zararl\u0131 etkilerinin belirlenmesi amac\u0131yla ger\u00e7ekle\u015ftirilecektir. Bu testler sayesinde, \u00fcr\u00fcnlerin g\u00fcvenli kullan\u0131m s\u0131n\u0131rlar\u0131, toksik doz d\u00fczeyleri ve olas\u0131 yan etkileri de\u011ferlendirilecektir. Yap\u0131lacak \u00e7al\u0131\u015fmalar; OECD y\u00f6nergeleri ba\u015fta olmak \u00fczere, ulusal ve uluslararas\u0131 d\u00fczenlemelere uygun \u015fekilde planlanacak ve bilimsel do\u011frulu\u011fu kabul g\u00f6rm\u00fc\u015f y\u00f6ntemlerle y\u00fcr\u00fct\u00fclecektir.<\/p>\n\n\n\n<figure class=\"wp-block-image size-large\"><img fetchpriority=\"high\" decoding=\"async\" width=\"1024\" height=\"618\" src=\"http:\/\/covid19.tubitak.gov.tr\/wp-content\/uploads\/2025\/09\/Toksikoloji-Sozlesme-1024x618.jpeg\" alt=\"\" class=\"wp-image-995\" srcset=\"https:\/\/covid19.tubitak.gov.tr\/wp-content\/uploads\/2025\/09\/Toksikoloji-Sozlesme-1024x618.jpeg 1024w, https:\/\/covid19.tubitak.gov.tr\/wp-content\/uploads\/2025\/09\/Toksikoloji-Sozlesme-300x181.jpeg 300w, https:\/\/covid19.tubitak.gov.tr\/wp-content\/uploads\/2025\/09\/Toksikoloji-Sozlesme-768x463.jpeg 768w, https:\/\/covid19.tubitak.gov.tr\/wp-content\/uploads\/2025\/09\/Toksikoloji-Sozlesme-18x12.jpeg 18w, https:\/\/covid19.tubitak.gov.tr\/wp-content\/uploads\/2025\/09\/Toksikoloji-Sozlesme.jpeg 1278w\" sizes=\"(max-width: 1024px) 100vw, 1024px\" \/><\/figure>","protected":false},"excerpt":{"rendered":"<p>IPA SciReACT&nbsp; Projesi kapsam\u0131nda ger\u00e7ekle\u015ftirilecek toksikoloji testleri i\u00e7in 25 Nisan 2025 tarihinde hizmet al\u0131m\u0131 ihalesine \u00e7\u0131k\u0131lm\u0131\u015ft\u0131r. \u0130hale s\u00fcrecinin tamamlanmas\u0131n\u0131n ard\u0131ndan, 2 Temmuz 2025 tarihinde hizmet al\u0131m\u0131 s\u00f6zle\u015fmesi imzalanm\u0131\u015ft\u0131r. S\u00f6zle\u015fme, Kobay A.\u015e. Kurucusu Vet. Ay\u015fe Beg\u00fcm Bu\u011fdayc\u0131 ile IPA SciReACT Proje Y\u00fcr\u00fct\u00fcc\u00fcs\u00fc Do\u00e7. Dr. Hilal Yaz\u0131c\u0131 Malko\u00e7o\u011flu taraf\u0131ndan imzalanm\u0131\u015ft\u0131r. Toksikoloji testleri, proje kapsam\u0131nda geli\u015ftirilen \u00fcr\u00fcnlerin canl\u0131 [&hellip;]<\/p>","protected":false},"author":3,"featured_media":995,"comment_status":"closed","ping_status":"open","sticky":false,"template":"","format":"standard","meta":{"footnotes":""},"categories":[6],"tags":[],"class_list":["post-994","post","type-post","status-publish","format-standard","has-post-thumbnail","hentry","category-duyurular"],"_links":{"self":[{"href":"https:\/\/covid19.tubitak.gov.tr\/en\/wp-json\/wp\/v2\/posts\/994","targetHints":{"allow":["GET"]}}],"collection":[{"href":"https:\/\/covid19.tubitak.gov.tr\/en\/wp-json\/wp\/v2\/posts"}],"about":[{"href":"https:\/\/covid19.tubitak.gov.tr\/en\/wp-json\/wp\/v2\/types\/post"}],"author":[{"embeddable":true,"href":"https:\/\/covid19.tubitak.gov.tr\/en\/wp-json\/wp\/v2\/users\/3"}],"replies":[{"embeddable":true,"href":"https:\/\/covid19.tubitak.gov.tr\/en\/wp-json\/wp\/v2\/comments?post=994"}],"version-history":[{"count":1,"href":"https:\/\/covid19.tubitak.gov.tr\/en\/wp-json\/wp\/v2\/posts\/994\/revisions"}],"predecessor-version":[{"id":996,"href":"https:\/\/covid19.tubitak.gov.tr\/en\/wp-json\/wp\/v2\/posts\/994\/revisions\/996"}],"wp:featuredmedia":[{"embeddable":true,"href":"https:\/\/covid19.tubitak.gov.tr\/en\/wp-json\/wp\/v2\/media\/995"}],"wp:attachment":[{"href":"https:\/\/covid19.tubitak.gov.tr\/en\/wp-json\/wp\/v2\/media?parent=994"}],"wp:term":[{"taxonomy":"category","embeddable":true,"href":"https:\/\/covid19.tubitak.gov.tr\/en\/wp-json\/wp\/v2\/categories?post=994"},{"taxonomy":"post_tag","embeddable":true,"href":"https:\/\/covid19.tubitak.gov.tr\/en\/wp-json\/wp\/v2\/tags?post=994"}],"curies":[{"name":"wp","href":"https:\/\/api.w.org\/{rel}","templated":true}]}}