{"id":997,"date":"2025-09-29T16:09:25","date_gmt":"2025-09-29T13:09:25","guid":{"rendered":"http:\/\/covid19.tubitak.gov.tr\/?p=997"},"modified":"2025-09-29T16:10:33","modified_gmt":"2025-09-29T13:10:33","slug":"ipa-scireact-projesi-kapsaminda-hucre-bankasi-karakterizasyonu-icin-hizmet-alimi-sozlesmesi-imzalandi","status":"publish","type":"post","link":"https:\/\/covid19.tubitak.gov.tr\/en\/ipa-scireact-projesi-kapsaminda-hucre-bankasi-karakterizasyonu-icin-hizmet-alimi-sozlesmesi-imzalandi\/","title":{"rendered":"IPA SciREACT Projesi Kapsam\u0131nda H\u00fccre Bankas\u0131 Karakterizasyonu \u0130\u00e7in Hizmet Al\u0131m\u0131 S\u00f6zle\u015fmesi \u0130mzaland\u0131"},"content":{"rendered":"<p>IPA SciReACT&nbsp; Projesi kapsam\u0131nda ger\u00e7ekle\u015ftirilecek h\u00fccre bankas\u0131 karakterizasyonu \u00e7al\u0131\u015fmalar\u0131 i\u00e7in 4 A\u011fustos 2025 tarihinde hizmet al\u0131m\u0131 ihalesine \u00e7\u0131k\u0131lm\u0131\u015ft\u0131r. \u0130hale s\u00fcrecinin tamamlanmas\u0131n\u0131n ard\u0131ndan, 27 A\u011fustos 2025 tarihinde hizmet al\u0131m\u0131 s\u00f6zle\u015fmesi imzalanm\u0131\u015ft\u0131r.<\/p>\n\n\n\n<p>S\u00f6zle\u015fme, <em>Kobay A.\u015e.<\/em> Kurucusu <strong>Vet. Ay\u015fe Beg\u00fcm Bu\u011fdayc\u0131<\/strong> ile IPA SciReACT Proje Y\u00fcr\u00fct\u00fcc\u00fcs\u00fc <strong>Do\u00e7. Dr. Hilal Yaz\u0131c\u0131 Malko\u00e7o\u011flu<\/strong> taraf\u0131ndan imzalanm\u0131\u015ft\u0131r.<\/p>\n\n\n\n<p>H\u00fccre bankas\u0131 karakterizasyonu \u00e7al\u0131\u015fmalar\u0131, proje kapsam\u0131nda geli\u015ftirilen h\u00fccresel materyallerin kimlik, safl\u0131k ve stabilite \u00f6zelliklerinin bilimsel standartlara uygun olarak analiz edilmesini ama\u00e7lamaktad\u0131r. Bu s\u00fcre\u00e7, projenin ara\u015ft\u0131rma kalitesini art\u0131rmak ve ileri d\u00fczey biyoteknolojik uygulamalar i\u00e7in g\u00fcvenilir altyap\u0131 olu\u015fturmak a\u00e7\u0131s\u0131ndan b\u00fcy\u00fck \u00f6nem ta\u015f\u0131maktad\u0131r.<\/p>\n\n\n\n<figure class=\"wp-block-image size-large\"><img fetchpriority=\"high\" decoding=\"async\" width=\"1024\" height=\"781\" src=\"http:\/\/covid19.tubitak.gov.tr\/wp-content\/uploads\/2025\/09\/Stabilite-Sozlesme-1024x781.jpeg\" alt=\"\" class=\"wp-image-998\" srcset=\"https:\/\/covid19.tubitak.gov.tr\/wp-content\/uploads\/2025\/09\/Stabilite-Sozlesme-1024x781.jpeg 1024w, https:\/\/covid19.tubitak.gov.tr\/wp-content\/uploads\/2025\/09\/Stabilite-Sozlesme-300x229.jpeg 300w, https:\/\/covid19.tubitak.gov.tr\/wp-content\/uploads\/2025\/09\/Stabilite-Sozlesme-768x586.jpeg 768w, https:\/\/covid19.tubitak.gov.tr\/wp-content\/uploads\/2025\/09\/Stabilite-Sozlesme-16x12.jpeg 16w, https:\/\/covid19.tubitak.gov.tr\/wp-content\/uploads\/2025\/09\/Stabilite-Sozlesme.jpeg 1325w\" sizes=\"(max-width: 1024px) 100vw, 1024px\" \/><\/figure>","protected":false},"excerpt":{"rendered":"<p>IPA SciReACT&nbsp; Projesi kapsam\u0131nda ger\u00e7ekle\u015ftirilecek h\u00fccre bankas\u0131 karakterizasyonu \u00e7al\u0131\u015fmalar\u0131 i\u00e7in 4 A\u011fustos 2025 tarihinde hizmet al\u0131m\u0131 ihalesine \u00e7\u0131k\u0131lm\u0131\u015ft\u0131r. \u0130hale s\u00fcrecinin tamamlanmas\u0131n\u0131n ard\u0131ndan, 27 A\u011fustos 2025 tarihinde hizmet al\u0131m\u0131 s\u00f6zle\u015fmesi imzalanm\u0131\u015ft\u0131r. S\u00f6zle\u015fme, Kobay A.\u015e. Kurucusu Vet. Ay\u015fe Beg\u00fcm Bu\u011fdayc\u0131 ile IPA SciReACT Proje Y\u00fcr\u00fct\u00fcc\u00fcs\u00fc Do\u00e7. Dr. Hilal Yaz\u0131c\u0131 Malko\u00e7o\u011flu taraf\u0131ndan imzalanm\u0131\u015ft\u0131r. H\u00fccre bankas\u0131 karakterizasyonu \u00e7al\u0131\u015fmalar\u0131, proje [&hellip;]<\/p>","protected":false},"author":3,"featured_media":998,"comment_status":"closed","ping_status":"open","sticky":false,"template":"","format":"standard","meta":{"footnotes":""},"categories":[6],"tags":[],"class_list":["post-997","post","type-post","status-publish","format-standard","has-post-thumbnail","hentry","category-duyurular"],"_links":{"self":[{"href":"https:\/\/covid19.tubitak.gov.tr\/en\/wp-json\/wp\/v2\/posts\/997","targetHints":{"allow":["GET"]}}],"collection":[{"href":"https:\/\/covid19.tubitak.gov.tr\/en\/wp-json\/wp\/v2\/posts"}],"about":[{"href":"https:\/\/covid19.tubitak.gov.tr\/en\/wp-json\/wp\/v2\/types\/post"}],"author":[{"embeddable":true,"href":"https:\/\/covid19.tubitak.gov.tr\/en\/wp-json\/wp\/v2\/users\/3"}],"replies":[{"embeddable":true,"href":"https:\/\/covid19.tubitak.gov.tr\/en\/wp-json\/wp\/v2\/comments?post=997"}],"version-history":[{"count":2,"href":"https:\/\/covid19.tubitak.gov.tr\/en\/wp-json\/wp\/v2\/posts\/997\/revisions"}],"predecessor-version":[{"id":1000,"href":"https:\/\/covid19.tubitak.gov.tr\/en\/wp-json\/wp\/v2\/posts\/997\/revisions\/1000"}],"wp:featuredmedia":[{"embeddable":true,"href":"https:\/\/covid19.tubitak.gov.tr\/en\/wp-json\/wp\/v2\/media\/998"}],"wp:attachment":[{"href":"https:\/\/covid19.tubitak.gov.tr\/en\/wp-json\/wp\/v2\/media?parent=997"}],"wp:term":[{"taxonomy":"category","embeddable":true,"href":"https:\/\/covid19.tubitak.gov.tr\/en\/wp-json\/wp\/v2\/categories?post=997"},{"taxonomy":"post_tag","embeddable":true,"href":"https:\/\/covid19.tubitak.gov.tr\/en\/wp-json\/wp\/v2\/tags?post=997"}],"curies":[{"name":"wp","href":"https:\/\/api.w.org\/{rel}","templated":true}]}}